{"id":3015,"date":"2026-04-20T10:47:03","date_gmt":"2026-04-20T10:47:03","guid":{"rendered":"https:\/\/www.fondazioneinvernizzi.it\/?p=3015"},"modified":"2026-04-20T10:49:04","modified_gmt":"2026-04-20T10:49:04","slug":"fondazione-invernizzi-e-milano-musica-una-collaborazione-che-si-rinnova-per-il-35-festival","status":"publish","type":"post","link":"https:\/\/www.fondazioneinvernizzi.it\/en\/2026\/04\/20\/fondazione-invernizzi-e-milano-musica-una-collaborazione-che-si-rinnova-per-il-35-festival\/","title":{"rendered":"Fondazione Invernizzi e Milano Musica &#8211; Una collaborazione che si rinnova"},"content":{"rendered":"<h1 class=\"wp-block-heading\">Fondazione Invernizzi e Milano Musica &#8211; Una collaborazione che si rinnova <\/h1>\n\n\n\n<p class=\"has-medium-font-size\"><strong>20 aprile 2026<\/strong> &#8211; Lontananze Creative a Palazzo Invernizzi<\/p>\n\n\n\n<div style=\"height:35px\" aria-hidden=\"true\" class=\"wp-block-spacer\"><\/div>\n\n\n\n<div class=\"wp-block-media-text is-stacked-on-mobile\"><figure class=\"wp-block-media-text__media\"><img loading=\"lazy\" decoding=\"async\" width=\"1024\" height=\"1024\" src=\"https:\/\/www.fondazioneinvernizzi.it\/wp-content\/uploads\/2026\/04\/MIMU26_Banner-1200x1200px-1-1024x1024.jpg\" alt=\"\" class=\"wp-image-3038 size-full\" srcset=\"https:\/\/www.fondazioneinvernizzi.it\/wp-content\/uploads\/2026\/04\/MIMU26_Banner-1200x1200px-1-1024x1024.jpg 1024w, https:\/\/www.fondazioneinvernizzi.it\/wp-content\/uploads\/2026\/04\/MIMU26_Banner-1200x1200px-1-300x300.jpg 300w, https:\/\/www.fondazioneinvernizzi.it\/wp-content\/uploads\/2026\/04\/MIMU26_Banner-1200x1200px-1-150x150.jpg 150w, https:\/\/www.fondazioneinvernizzi.it\/wp-content\/uploads\/2026\/04\/MIMU26_Banner-1200x1200px-1-768x768.jpg 768w, https:\/\/www.fondazioneinvernizzi.it\/wp-content\/uploads\/2026\/04\/MIMU26_Banner-1200x1200px-1-12x12.jpg 12w, https:\/\/www.fondazioneinvernizzi.it\/wp-content\/uploads\/2026\/04\/MIMU26_Banner-1200x1200px-1.jpg 1200w\" sizes=\"auto, (max-width: 1024px) 100vw, 1024px\" \/><\/figure><div class=\"wp-block-media-text__content\">\n<p><\/p>\n\n\n\n<div class=\"wp-block-group\"><div class=\"wp-block-group__inner-container is-layout-constrained wp-block-group-is-layout-constrained\">\n<p class=\"has-text-align-left\">In occasione della <strong>35\u00aa edizione del Festival Milano Musica<\/strong>, che si terr\u00e0 dal 26 aprile al 6 giugno 2026 con il titolo <em>&#8220;Lontananze Creative&#8221;<\/em>, la Fondazione Romeo ed Enrica Invernizzi rinnova la sua <strong>collaborazione<\/strong> con Milano Musica.<\/p>\n<\/div><\/div>\n\n\n\n<div class=\"wp-block-group\"><div class=\"wp-block-group__inner-container is-layout-constrained wp-block-group-is-layout-constrained\">\n<p class=\" translation-block\">This initiative confirms the commitment made by the Foundation to become a well-established venue of <strong>cultural dialogue and research<\/strong>, open to innovation, to new generations of musicians and to contemporary music enthusiasts.<\/p>\n\n\n\n<p>L\u2019edizione 2026 del Festival, \u00e8 stata presentata in conferenza stampa il 16 aprile presso il ridotto del Teatro alla Scala, ed \u00e8 stata dedicata a due protagonisti nel panorama musicale del XX secolo: Morton Fedelman e Gy\u00f6rgy Kurt\u00e1g, entrambi legati ai testi di Samuel Beckett. Il programma include <strong>8 prime assolute<\/strong> and <strong>13 prime in Italia<\/strong> con cui si esplora il tema della lontananza creativa, intesa come tensione costante verso la scoperta e la sperimentazione, che unisce l\u2019interesse per nuove culture e tecnologie all\u2019esplorazione di linguaggi sonori innovativi.<\/p>\n<\/div><\/div>\n\n\n\n<p><\/p>\n<\/div><\/div>\n\n\n\n<div style=\"height:10px\" aria-hidden=\"true\" class=\"wp-block-spacer\"><\/div>\n\n\n\n<div style=\"height:41px\" aria-hidden=\"true\" class=\"wp-block-spacer\"><\/div>\n\n\n\n<p><\/p>\n\n\n\n<div style=\"height:34px\" aria-hidden=\"true\" class=\"wp-block-spacer\"><\/div>\n\n\n\n<p><strong>Events at Palazzo Invernizzi<\/strong><\/p>\n\n\n\n<p>All\u2019interno del calendario del Festival, la collaborazione tra Fondazione Invernizzi e Milano Musica si realizzer\u00e0 in <strong>due<\/strong> <strong>appuntamenti <\/strong>dal titolo &#8220;<strong><em>Creazione e interpretazione<\/em><\/strong>&#8221; che offriranno al pubblico un&#8217;opportunit\u00e0 per approfondire il tema delle lontananze creative, grazie al costante dialogo tra una pluralit\u00e0 di prospettive e interpretazioni musicali diverse.<\/p>\n\n\n\n<p><strong>Gioved\u00ec 30 aprile, ore 19 Palazzo Invernizzi \u2013  Dialogo musicale <em>en plein air<\/em> tra Stefano Gervasoni, Filippo Gorini e Lorenzo Gentili-Tedeschi<\/strong><\/p>\n\n\n\n<p>Il primo evento presenta gli esiti del progetto <em>Sonata for 7 Cities<\/em> del pianista <strong>Filippo Gorini<\/strong>, in cui la consueta routine di viaggio del solista si trasforma in un percorso di ricerca artistica costituito da esperienze, incontri e scambi culturali, dove la musica fatica ad arrivare. Il progetto si articola attraverso nuovi brani scritti da compositori contemporanei, tra cui <strong>Stefano Gervasoni<\/strong>, che firma anche un inedito per violino e pianoforte, affidato all\u2019interpretazione del violinista <strong>Lorenzo Gentili\u2011Tedeschi<\/strong>, in un dialogo che intreccia scrittura musicale e dimensione performativa.<\/p>\n\n\n\n<p>Per chi desiderasse acquistare i biglietti, cliccare sul seguente link&#8211;&gt; <strong><a href=\"https:\/\/www.vivaticket.com\/it\/ticket\/creazione-e-interpretazione-gorini-gervasoni\/297124\">Biglietti<\/a><\/strong><\/p>\n\n\n\n<div style=\"height:51px\" aria-hidden=\"true\" class=\"wp-block-spacer\"><\/div>\n\n\n\n<p><strong>Mercoled\u00ec 20 maggio, ore 19 Palazzo Invernizzi \u2013 <\/strong> <strong>Dialogo musicale <em>en plein air <\/em>tra Carmine Emanuele Cella, Michele Gamba, Minh-T\u00e2m Nguyen, Matchume Zango e<\/strong>&nbsp;<strong>Cecilia Balestra<\/strong><\/p>\n\n\n\n<p>Il secondo appuntamento sar\u00e0 invece una serata dedicata alla scoperta del repertorio musicale contemporaneo attraverso il dialogo tra il compositore <strong>Carmine Emanuele Cella<\/strong> e il direttore d\u2019orchestra <strong>Michele Gamba<\/strong> che, insieme ai percussionisti <strong>Minh\u2011T\u00e2m Nguyen<\/strong> and <strong>Matchume Zangotra<\/strong>, indagheranno la prospettiva di un\u2019orchestra del futuro. Un confronto aperto tra pensiero compositivo e interpretazione, in cui sperimentazione tecnologica e nuove visioni artistiche si intrecciano per ridefinire il linguaggio orchestrale contemporaneo.<\/p>\n\n\n\n<p>Per chi desiderasse acquistare i biglietti, cliccare sul seguente link&#8211;&gt; <a href=\"https:\/\/www.vivaticket.com\/it\/ticket\/creazione-e-interpretazione-cella-gamba-nguyen\/297123\">Biglietti<\/a><\/p>\n\n\n\n<p><\/p>","protected":false},"excerpt":{"rendered":"<p>Fondazione Invernizzi e Milano Musica &#8211; Una collaborazione che si rinnova 20 aprile 2026 &#8211; Lontananze Creative a Palazzo Invernizzi Gli appuntamenti a Palazzo Invernizzi All\u2019interno del calendario del Festival, la collaborazione tra Fondazione Invernizzi e Milano Musica si realizzer\u00e0 in due appuntamenti dal titolo &#8220;Creazione e interpretazione&#8221; che offriranno al pubblico un&#8217;opportunit\u00e0 per approfondire [&hellip;]<\/p>","protected":false},"author":4,"featured_media":0,"comment_status":"open","ping_status":"open","sticky":false,"template":"","format":"standard","meta":{"inline_featured_image":false,"ngg_post_thumbnail":0,"footnotes":""},"categories":[1],"tags":[],"class_list":["post-3015","post","type-post","status-publish","format-standard","hentry","category-uncategorized"],"acf":[],"yoast_head":"<!-- This site is optimized with the Yoast SEO plugin v23.1 - https:\/\/yoast.com\/wordpress\/plugins\/seo\/ -->\n<title>Fondazione Invernizzi e Milano Musica - Una collaborazione che si rinnova - Fondazione Romeo ed Enrica Invernizzi<\/title>\n<meta name=\"robots\" content=\"index, follow, max-snippet:-1, max-image-preview:large, max-video-preview:-1\" \/>\n<link rel=\"canonical\" href=\"https:\/\/www.fondazioneinvernizzi.it\/en\/2026\/04\/20\/fondazione-invernizzi-e-milano-musica-una-collaborazione-che-si-rinnova-per-il-35-festival\/\" \/>\n<meta property=\"og:locale\" content=\"en_GB\" \/>\n<meta property=\"og:type\" content=\"article\" \/>\n<meta property=\"og:title\" content=\"Fondazione Invernizzi e Milano Musica - Una collaborazione che si rinnova - Fondazione Romeo ed Enrica Invernizzi\" \/>\n<meta property=\"og:description\" content=\"Fondazione Invernizzi e Milano Musica &#8211; Una collaborazione che si rinnova 20 aprile 2026 &#8211; Lontananze Creative a Palazzo Invernizzi Gli appuntamenti a Palazzo Invernizzi All\u2019interno del calendario del Festival, la collaborazione tra Fondazione Invernizzi e Milano Musica si realizzer\u00e0 in due appuntamenti dal titolo &#8220;Creazione e interpretazione&#8221; che offriranno al pubblico un&#8217;opportunit\u00e0 per approfondire [&hellip;]\" \/>\n<meta property=\"og:url\" content=\"https:\/\/www.fondazioneinvernizzi.it\/en\/2026\/04\/20\/fondazione-invernizzi-e-milano-musica-una-collaborazione-che-si-rinnova-per-il-35-festival\/\" \/>\n<meta property=\"og:site_name\" content=\"Fondazione Romeo ed Enrica Invernizzi\" \/>\n<meta property=\"article:published_time\" content=\"2026-04-20T10:47:03+00:00\" \/>\n<meta property=\"article:modified_time\" content=\"2026-04-20T10:49:04+00:00\" \/>\n<meta property=\"og:image\" content=\"https:\/\/www.fondazioneinvernizzi.it\/wp-content\/uploads\/2026\/04\/MIMU26_Banner-1200x1200px-1-1024x1024.jpg\" \/>\n<meta name=\"author\" content=\"Alice\" \/>\n<meta name=\"twitter:card\" content=\"summary_large_image\" \/>\n<meta name=\"twitter:label1\" content=\"Written by\" \/>\n\t<meta name=\"twitter:data1\" content=\"Alice\" \/>\n\t<meta name=\"twitter:label2\" content=\"Estimated reading time\" \/>\n\t<meta name=\"twitter:data2\" content=\"3 minutes\" \/>\n<script type=\"application\/ld+json\" class=\"yoast-schema-graph\">{\"@context\":\"https:\/\/schema.org\",\"@graph\":[{\"@type\":\"WebPage\",\"@id\":\"https:\/\/www.fondazioneinvernizzi.it\/2026\/04\/20\/fondazione-invernizzi-e-milano-musica-una-collaborazione-che-si-rinnova-per-il-35-festival\/\",\"url\":\"https:\/\/www.fondazioneinvernizzi.it\/2026\/04\/20\/fondazione-invernizzi-e-milano-musica-una-collaborazione-che-si-rinnova-per-il-35-festival\/\",\"name\":\"Fondazione Invernizzi e Milano Musica - Una collaborazione che si rinnova - Fondazione Romeo ed Enrica Invernizzi\",\"isPartOf\":{\"@id\":\"https:\/\/www.fondazioneinvernizzi.it\/#website\"},\"primaryImageOfPage\":{\"@id\":\"https:\/\/www.fondazioneinvernizzi.it\/2026\/04\/20\/fondazione-invernizzi-e-milano-musica-una-collaborazione-che-si-rinnova-per-il-35-festival\/#primaryimage\"},\"image\":{\"@id\":\"https:\/\/www.fondazioneinvernizzi.it\/2026\/04\/20\/fondazione-invernizzi-e-milano-musica-una-collaborazione-che-si-rinnova-per-il-35-festival\/#primaryimage\"},\"thumbnailUrl\":\"https:\/\/www.fondazioneinvernizzi.it\/wp-content\/uploads\/2026\/04\/MIMU26_Banner-1200x1200px-1-1024x1024.jpg\",\"datePublished\":\"2026-04-20T10:47:03+00:00\",\"dateModified\":\"2026-04-20T10:49:04+00:00\",\"author\":{\"@id\":\"https:\/\/www.fondazioneinvernizzi.it\/#\/schema\/person\/bb368e2f1100a6c51c2ebffff27a13f0\"},\"breadcrumb\":{\"@id\":\"https:\/\/www.fondazioneinvernizzi.it\/2026\/04\/20\/fondazione-invernizzi-e-milano-musica-una-collaborazione-che-si-rinnova-per-il-35-festival\/#breadcrumb\"},\"inLanguage\":\"en-GB\",\"potentialAction\":[{\"@type\":\"ReadAction\",\"target\":[\"https:\/\/www.fondazioneinvernizzi.it\/2026\/04\/20\/fondazione-invernizzi-e-milano-musica-una-collaborazione-che-si-rinnova-per-il-35-festival\/\"]}]},{\"@type\":\"ImageObject\",\"inLanguage\":\"en-GB\",\"@id\":\"https:\/\/www.fondazioneinvernizzi.it\/2026\/04\/20\/fondazione-invernizzi-e-milano-musica-una-collaborazione-che-si-rinnova-per-il-35-festival\/#primaryimage\",\"url\":\"https:\/\/www.fondazioneinvernizzi.it\/wp-content\/uploads\/2026\/04\/MIMU26_Banner-1200x1200px-1-1024x1024.jpg\",\"contentUrl\":\"https:\/\/www.fondazioneinvernizzi.it\/wp-content\/uploads\/2026\/04\/MIMU26_Banner-1200x1200px-1-1024x1024.jpg\"},{\"@type\":\"BreadcrumbList\",\"@id\":\"https:\/\/www.fondazioneinvernizzi.it\/2026\/04\/20\/fondazione-invernizzi-e-milano-musica-una-collaborazione-che-si-rinnova-per-il-35-festival\/#breadcrumb\",\"itemListElement\":[{\"@type\":\"ListItem\",\"position\":1,\"name\":\"Home\",\"item\":\"https:\/\/www.fondazioneinvernizzi.it\/\"},{\"@type\":\"ListItem\",\"position\":2,\"name\":\"Fondazione Invernizzi e Milano Musica &#8211; Una collaborazione che si rinnova\"}]},{\"@type\":\"WebSite\",\"@id\":\"https:\/\/www.fondazioneinvernizzi.it\/#website\",\"url\":\"https:\/\/www.fondazioneinvernizzi.it\/\",\"name\":\"Fondazione Romeo ed Enrica Invernizzi\",\"description\":\"\",\"potentialAction\":[{\"@type\":\"SearchAction\",\"target\":{\"@type\":\"EntryPoint\",\"urlTemplate\":\"https:\/\/www.fondazioneinvernizzi.it\/?s={search_term_string}\"},\"query-input\":\"required name=search_term_string\"}],\"inLanguage\":\"en-GB\"},{\"@type\":\"Person\",\"@id\":\"https:\/\/www.fondazioneinvernizzi.it\/#\/schema\/person\/bb368e2f1100a6c51c2ebffff27a13f0\",\"name\":\"Alice\",\"image\":{\"@type\":\"ImageObject\",\"inLanguage\":\"en-GB\",\"@id\":\"https:\/\/www.fondazioneinvernizzi.it\/#\/schema\/person\/image\/\",\"url\":\"https:\/\/secure.gravatar.com\/avatar\/f753d2b2998e48bbcd31a780607fe388?s=96&d=mm&r=g\",\"contentUrl\":\"https:\/\/secure.gravatar.com\/avatar\/f753d2b2998e48bbcd31a780607fe388?s=96&d=mm&r=g\",\"caption\":\"Alice\"},\"url\":\"https:\/\/www.fondazioneinvernizzi.it\/en\/author\/alice\/\"}]}<\/script>\n<!-- \/ Yoast SEO plugin. -->","yoast_head_json":{"title":"Fondazione Invernizzi e Milano Musica - Una collaborazione che si rinnova - Fondazione Romeo ed Enrica Invernizzi","robots":{"index":"index","follow":"follow","max-snippet":"max-snippet:-1","max-image-preview":"max-image-preview:large","max-video-preview":"max-video-preview:-1"},"canonical":"https:\/\/www.fondazioneinvernizzi.it\/en\/2026\/04\/20\/fondazione-invernizzi-e-milano-musica-una-collaborazione-che-si-rinnova-per-il-35-festival\/","og_locale":"en_GB","og_type":"article","og_title":"Fondazione Invernizzi e Milano Musica - Una collaborazione che si rinnova - Fondazione Romeo ed Enrica Invernizzi","og_description":"Fondazione Invernizzi e Milano Musica &#8211; Una collaborazione che si rinnova 20 aprile 2026 &#8211; Lontananze Creative a Palazzo Invernizzi Gli appuntamenti a Palazzo Invernizzi All\u2019interno del calendario del Festival, la collaborazione tra Fondazione Invernizzi e Milano Musica si realizzer\u00e0 in due appuntamenti dal titolo &#8220;Creazione e interpretazione&#8221; che offriranno al pubblico un&#8217;opportunit\u00e0 per approfondire [&hellip;]","og_url":"https:\/\/www.fondazioneinvernizzi.it\/en\/2026\/04\/20\/fondazione-invernizzi-e-milano-musica-una-collaborazione-che-si-rinnova-per-il-35-festival\/","og_site_name":"Fondazione Romeo ed Enrica Invernizzi","article_published_time":"2026-04-20T10:47:03+00:00","article_modified_time":"2026-04-20T10:49:04+00:00","og_image":[{"url":"https:\/\/www.fondazioneinvernizzi.it\/wp-content\/uploads\/2026\/04\/MIMU26_Banner-1200x1200px-1-1024x1024.jpg"}],"author":"Alice","twitter_card":"summary_large_image","twitter_misc":{"Written by":"Alice","Estimated reading time":"3 minutes"},"schema":{"@context":"https:\/\/schema.org","@graph":[{"@type":"WebPage","@id":"https:\/\/www.fondazioneinvernizzi.it\/2026\/04\/20\/fondazione-invernizzi-e-milano-musica-una-collaborazione-che-si-rinnova-per-il-35-festival\/","url":"https:\/\/www.fondazioneinvernizzi.it\/2026\/04\/20\/fondazione-invernizzi-e-milano-musica-una-collaborazione-che-si-rinnova-per-il-35-festival\/","name":"Fondazione Invernizzi e Milano Musica - Una collaborazione che si rinnova - Fondazione Romeo ed Enrica Invernizzi","isPartOf":{"@id":"https:\/\/www.fondazioneinvernizzi.it\/#website"},"primaryImageOfPage":{"@id":"https:\/\/www.fondazioneinvernizzi.it\/2026\/04\/20\/fondazione-invernizzi-e-milano-musica-una-collaborazione-che-si-rinnova-per-il-35-festival\/#primaryimage"},"image":{"@id":"https:\/\/www.fondazioneinvernizzi.it\/2026\/04\/20\/fondazione-invernizzi-e-milano-musica-una-collaborazione-che-si-rinnova-per-il-35-festival\/#primaryimage"},"thumbnailUrl":"https:\/\/www.fondazioneinvernizzi.it\/wp-content\/uploads\/2026\/04\/MIMU26_Banner-1200x1200px-1-1024x1024.jpg","datePublished":"2026-04-20T10:47:03+00:00","dateModified":"2026-04-20T10:49:04+00:00","author":{"@id":"https:\/\/www.fondazioneinvernizzi.it\/#\/schema\/person\/bb368e2f1100a6c51c2ebffff27a13f0"},"breadcrumb":{"@id":"https:\/\/www.fondazioneinvernizzi.it\/2026\/04\/20\/fondazione-invernizzi-e-milano-musica-una-collaborazione-che-si-rinnova-per-il-35-festival\/#breadcrumb"},"inLanguage":"en-GB","potentialAction":[{"@type":"ReadAction","target":["https:\/\/www.fondazioneinvernizzi.it\/2026\/04\/20\/fondazione-invernizzi-e-milano-musica-una-collaborazione-che-si-rinnova-per-il-35-festival\/"]}]},{"@type":"ImageObject","inLanguage":"en-GB","@id":"https:\/\/www.fondazioneinvernizzi.it\/2026\/04\/20\/fondazione-invernizzi-e-milano-musica-una-collaborazione-che-si-rinnova-per-il-35-festival\/#primaryimage","url":"https:\/\/www.fondazioneinvernizzi.it\/wp-content\/uploads\/2026\/04\/MIMU26_Banner-1200x1200px-1-1024x1024.jpg","contentUrl":"https:\/\/www.fondazioneinvernizzi.it\/wp-content\/uploads\/2026\/04\/MIMU26_Banner-1200x1200px-1-1024x1024.jpg"},{"@type":"BreadcrumbList","@id":"https:\/\/www.fondazioneinvernizzi.it\/2026\/04\/20\/fondazione-invernizzi-e-milano-musica-una-collaborazione-che-si-rinnova-per-il-35-festival\/#breadcrumb","itemListElement":[{"@type":"ListItem","position":1,"name":"Home","item":"https:\/\/www.fondazioneinvernizzi.it\/"},{"@type":"ListItem","position":2,"name":"Fondazione Invernizzi e Milano Musica &#8211; Una collaborazione che si rinnova"}]},{"@type":"WebSite","@id":"https:\/\/www.fondazioneinvernizzi.it\/#website","url":"https:\/\/www.fondazioneinvernizzi.it\/","name":"Fondazione Romeo ed Enrica Invernizzi","description":"","potentialAction":[{"@type":"SearchAction","target":{"@type":"EntryPoint","urlTemplate":"https:\/\/www.fondazioneinvernizzi.it\/?s={search_term_string}"},"query-input":"required name=search_term_string"}],"inLanguage":"en-GB"},{"@type":"Person","@id":"https:\/\/www.fondazioneinvernizzi.it\/#\/schema\/person\/bb368e2f1100a6c51c2ebffff27a13f0","name":"Alice","image":{"@type":"ImageObject","inLanguage":"en-GB","@id":"https:\/\/www.fondazioneinvernizzi.it\/#\/schema\/person\/image\/","url":"https:\/\/secure.gravatar.com\/avatar\/f753d2b2998e48bbcd31a780607fe388?s=96&d=mm&r=g","contentUrl":"https:\/\/secure.gravatar.com\/avatar\/f753d2b2998e48bbcd31a780607fe388?s=96&d=mm&r=g","caption":"Alice"},"url":"https:\/\/www.fondazioneinvernizzi.it\/en\/author\/alice\/"}]}},"post_mailing_queue_ids":[],"_links":{"self":[{"href":"https:\/\/www.fondazioneinvernizzi.it\/en\/wp-json\/wp\/v2\/posts\/3015","targetHints":{"allow":["GET"]}}],"collection":[{"href":"https:\/\/www.fondazioneinvernizzi.it\/en\/wp-json\/wp\/v2\/posts"}],"about":[{"href":"https:\/\/www.fondazioneinvernizzi.it\/en\/wp-json\/wp\/v2\/types\/post"}],"author":[{"embeddable":true,"href":"https:\/\/www.fondazioneinvernizzi.it\/en\/wp-json\/wp\/v2\/users\/4"}],"replies":[{"embeddable":true,"href":"https:\/\/www.fondazioneinvernizzi.it\/en\/wp-json\/wp\/v2\/comments?post=3015"}],"version-history":[{"count":30,"href":"https:\/\/www.fondazioneinvernizzi.it\/en\/wp-json\/wp\/v2\/posts\/3015\/revisions"}],"predecessor-version":[{"id":3052,"href":"https:\/\/www.fondazioneinvernizzi.it\/en\/wp-json\/wp\/v2\/posts\/3015\/revisions\/3052"}],"wp:attachment":[{"href":"https:\/\/www.fondazioneinvernizzi.it\/en\/wp-json\/wp\/v2\/media?parent=3015"}],"wp:term":[{"taxonomy":"category","embeddable":true,"href":"https:\/\/www.fondazioneinvernizzi.it\/en\/wp-json\/wp\/v2\/categories?post=3015"},{"taxonomy":"post_tag","embeddable":true,"href":"https:\/\/www.fondazioneinvernizzi.it\/en\/wp-json\/wp\/v2\/tags?post=3015"}],"curies":[{"name":"wp","href":"https:\/\/api.w.org\/{rel}","templated":true}]}}